




{"id":10213,"date":"2025-07-08T07:01:48","date_gmt":"2025-07-08T07:01:48","guid":{"rendered":"https:\/\/www.comexposium.com\/?p=10213"},"modified":"2026-01-28T09:12:29","modified_gmt":"2026-01-28T09:12:29","slug":"comexposium-announces-the-appointment-of-pablo-nakhle-cerruti-as-ceo","status":"publish","type":"post","link":"https:\/\/www.comexposium.com\/en\/newsroom\/presse\/comexposium-announces-the-appointment-of-pablo-nakhle-cerruti-as-ceo\/","title":{"rendered":"Comexposium announces the appointment of Pablo Nakhl\u00e9 Cerruti as CEO"},"content":{"rendered":"\n\n<div class=\"short-description container\">\n\t\t\t\t<p>Comexposium announces the appointment of Pablo Nakhl\u00e9 Cerruti as CEO of the group. His appointment will take effect on August 25, 2025. He succeeds Renaud Hamaide, who has led the company since 2010.<\/p>\n\t\t\t<\/div>\n\t\t\t\n\t\n\n\n<p>The Board of Directors states:<\/p>\n\n\n\n<blockquote class=\"wp-block-quote is-layout-flow wp-block-quote-is-layout-flow\">\n<p>We welcome Pablo Nakhl\u00e9 Cerruti and express our full confidence in his ability to continue the growth trajectory of the Comexposium group, for the benefit of its employees, the communities engaged through its events, and all its stakeholders. \u00bb<\/p>\n<\/blockquote>\n\n\n\n<h2 class=\"wp-block-heading\">About Pablo Nakhl\u00e9 Cerruti<\/h2>\n\n\n<div class=\"wp-block-image\">\n<figure class=\"alignright size-medium is-resized\"><img decoding=\"async\" width=\"282\" height=\"300\" src=\"https:\/\/www.comexposium.com\/wp-content\/uploads\/2025\/07\/COMEXPOSIUM-COMEX-PABLO-NAKHLE-CERRUTI-WEB-2-282x300.jpg\" alt=\"\" class=\"wp-image-11902\" style=\"width:350px\" srcset=\"https:\/\/www.comexposium.com\/wp-content\/uploads\/2025\/07\/COMEXPOSIUM-COMEX-PABLO-NAKHLE-CERRUTI-WEB-2-282x300.jpg 282w, https:\/\/www.comexposium.com\/wp-content\/uploads\/2025\/07\/COMEXPOSIUM-COMEX-PABLO-NAKHLE-CERRUTI-WEB-2-768x816.jpg 768w, https:\/\/www.comexposium.com\/wp-content\/uploads\/2025\/07\/COMEXPOSIUM-COMEX-PABLO-NAKHLE-CERRUTI-WEB-2.jpg 827w\" sizes=\"(max-width: 282px) 100vw, 282px\" \/><figcaption class=\"wp-element-caption\">2026-01-19 Comexposium, portrait du CEO, Pablo Nakhle Cerruti<\/figcaption><\/figure>\n<\/div>\n\n\n<p>Pablo Nakhl\u00e9 Cerruti, 42, graduated from Sciences Po Strasbourg (2004) and the School of Economic Warfare (2005). In 2007, he was appointed Managing Director of the Prometheus corporate foundation. From 2009 to 2011, he was a member of Christine Lagarde&#8217;s private office, as speechwriter at the Minister of Economy, Finance, and Industry.<\/p>\n\n\n\n<p>In 2011, he joined Unibail-Rodamco as Director of Communication and Institutional Relations. Between 2014 and 2018, he was Deputy Director and then Deputy CEO of Viparis, the European leader in congresses and trade shows. He was CEO of Viparis between 2018 and 2023.<\/p>\n\n\n\n<p>Since 2023, he has been President of Copheam, where he supports investors and companies in real estate, hospitality, or transformation development projects. Since 2024, he has been appointed Managing Director in charge of Diversification at Mediawan, Europe&#8217;s premier indepedant studio, also member of the group&#8217;s Executive Committe.<\/p>\n\n\n\n<div style=\"height:45px\" aria-hidden=\"true\" class=\"wp-block-spacer\"><\/div>\n\n\n\n<h2 class=\"wp-block-heading\">About Comexposium<\/h2>\n\n\n\n<p>The Comexposium group is one of the world&#8217;s leading event organisers for both professionals and the general public. It organises more than 400 events in 20 countries, including SIAL, the world&#8217;s leading network of food industry events, Wine Paris and Vinexpo, the world&#8217;s leading network of business meetings dedicated to wines and spirits, Who&#8217;s Next, Les Assises de la Cybers\u00e9curit\u00e9, Foire de Paris, R\u00e9tromobile, Salon Mondial du Chocolat, and l\u2019Etudiant.<\/p>\n\n\n\n<p>Present in a dozen sectors (food, fashion, retail &amp; digital, security, health, education, construction, leisure\u2026), Comexposium animates communities of professionals and enthusiasts around the world through an omnichannel strategy. Based in Courbevoie (Greater Paris), the Group employs 1,200 employees across its subsidiaries.<\/p>\n\n\n\n<p>The Comexposium Group is equally owned by SIPAC, a subsidiary of the Paris Ile-de-France Chamber of Commerce and Industry, and Cr\u00e9dit Agricole Assurances.<\/p>\n\n\n\n<div style=\"height:53px\" aria-hidden=\"true\" class=\"wp-block-spacer\"><\/div>\n\n\n<div class=\"separator\">\n\t\t<div class=\"container\">\n\t\t\t<div class=\"line\"><\/div>\n\t\t<\/div>\n\t<\/div>\n\n<div class=\"customize-links container\">\n\t\t\t\n\t<div class=\"link\"><a aria-label=\"download\" href=\"https:\/\/www.comexposium.com\/wp-content\/uploads\/2025\/07\/CP_Comexposium_Nomination-CEO-VUS.pdf\" target=\"_blank\" class=\"arrow-icon download-link custom\">Download the full press release (PDF &#8211; 0.15 MB)<i><\/i><\/a><\/div>\n\t\t\n\t\t\n\t\t<\/div>\n\n\n<p>&nbsp;<\/p>\n","protected":false},"excerpt":{"rendered":"<p>The Board of Directors states: We welcome Pablo Nakhl\u00e9 Cerruti and express our full confidence in his ability to continue the growth trajectory of the Comexposium group, for the benefit of its employees, the communities engaged through its events, and all its stakeholders. \u00bb About Pablo Nakhl\u00e9 Cerruti Pablo Nakhl\u00e9 Cerruti, 42, graduated from Sciences [&hellip;]<\/p>\n","protected":false},"author":1,"featured_media":11910,"comment_status":"closed","ping_status":"closed","sticky":false,"template":"","format":"standard","meta":{"_acf_changed":false,"inline_featured_image":false,"footnotes":""},"categories":[380],"tags":[],"type_categories":[41],"class_list":["post-10213","post","type-post","status-publish","format-standard","has-post-thumbnail","hentry","category-group-news","type_categories-group-news"],"acf":[],"yoast_head":"<!-- This site is optimized with the Yoast SEO plugin v27.4 - https:\/\/yoast.com\/product\/yoast-seo-wordpress\/ -->\n<title>Comexposium announces the appointment of Pablo Nakhl\u00e9 Cerruti as CEO | Comexposium<\/title>\n<meta name=\"robots\" content=\"index, follow, max-snippet:-1, max-image-preview:large, max-video-preview:-1\" \/>\n<link rel=\"canonical\" href=\"https:\/\/www.comexposium.com\/en\/newsroom\/presse\/comexposium-announces-the-appointment-of-pablo-nakhle-cerruti-as-ceo\/\" \/>\n<meta property=\"og:locale\" content=\"en_US\" \/>\n<meta property=\"og:type\" content=\"article\" \/>\n<meta property=\"og:title\" content=\"Comexposium announces the appointment of Pablo Nakhl\u00e9 Cerruti as CEO | Comexposium\" \/>\n<meta property=\"og:description\" content=\"The Board of Directors states: We welcome Pablo Nakhl\u00e9 Cerruti and express our full confidence in his ability to continue the growth trajectory of the Comexposium group, for the benefit of its employees, the communities engaged through its events, and all its stakeholders. \u00bb About Pablo Nakhl\u00e9 Cerruti Pablo Nakhl\u00e9 Cerruti, 42, graduated from Sciences [&hellip;]\" \/>\n<meta property=\"og:url\" content=\"https:\/\/www.comexposium.com\/en\/newsroom\/presse\/comexposium-announces-the-appointment-of-pablo-nakhle-cerruti-as-ceo\/\" \/>\n<meta property=\"og:site_name\" content=\"Comexposium\" \/>\n<meta property=\"article:publisher\" content=\"https:\/\/www.facebook.com\/Comexposium\/\" \/>\n<meta property=\"article:published_time\" content=\"2025-07-08T07:01:48+00:00\" \/>\n<meta property=\"article:modified_time\" content=\"2026-01-28T09:12:29+00:00\" \/>\n<meta property=\"og:image\" content=\"https:\/\/www.comexposium.com\/wp-content\/uploads\/2025\/07\/COMEXPOSIUM-COMEX-PABLO-NAKHLE-CERRUTI-WEB-2-Copy-1.jpg\" \/>\n\t<meta property=\"og:image:width\" content=\"1421\" \/>\n\t<meta property=\"og:image:height\" content=\"1095\" \/>\n\t<meta property=\"og:image:type\" content=\"image\/jpeg\" \/>\n<meta name=\"author\" content=\"cxpm_admin\" \/>\n<meta name=\"twitter:card\" content=\"summary_large_image\" \/>\n<meta name=\"twitter:creator\" content=\"@comexposium\" \/>\n<meta name=\"twitter:site\" content=\"@comexposium\" \/>\n<meta name=\"twitter:label1\" content=\"Written by\" \/>\n\t<meta name=\"twitter:data1\" content=\"cxpm_admin\" \/>\n\t<meta name=\"twitter:label2\" content=\"Est. reading time\" \/>\n\t<meta name=\"twitter:data2\" content=\"2 minutes\" \/>\n<script type=\"application\/ld+json\" class=\"yoast-schema-graph\">{\"@context\":\"https:\\\/\\\/schema.org\",\"@graph\":[{\"@type\":\"Article\",\"@id\":\"https:\\\/\\\/www.comexposium.com\\\/en\\\/newsroom\\\/presse\\\/comexposium-announces-the-appointment-of-pablo-nakhle-cerruti-as-ceo\\\/#article\",\"isPartOf\":{\"@id\":\"https:\\\/\\\/www.comexposium.com\\\/en\\\/newsroom\\\/presse\\\/comexposium-announces-the-appointment-of-pablo-nakhle-cerruti-as-ceo\\\/\"},\"author\":{\"name\":\"cxpm_admin\",\"@id\":\"https:\\\/\\\/www.comexposium.com\\\/en\\\/#\\\/schema\\\/person\\\/47045be16e9ffa3938e0b70b5bf88008\"},\"headline\":\"Comexposium announces the appointment of Pablo Nakhl\u00e9 Cerruti as CEO\",\"datePublished\":\"2025-07-08T07:01:48+00:00\",\"dateModified\":\"2026-01-28T09:12:29+00:00\",\"mainEntityOfPage\":{\"@id\":\"https:\\\/\\\/www.comexposium.com\\\/en\\\/newsroom\\\/presse\\\/comexposium-announces-the-appointment-of-pablo-nakhle-cerruti-as-ceo\\\/\"},\"wordCount\":341,\"publisher\":{\"@id\":\"https:\\\/\\\/www.comexposium.com\\\/en\\\/#organization\"},\"image\":{\"@id\":\"https:\\\/\\\/www.comexposium.com\\\/en\\\/newsroom\\\/presse\\\/comexposium-announces-the-appointment-of-pablo-nakhle-cerruti-as-ceo\\\/#primaryimage\"},\"thumbnailUrl\":\"https:\\\/\\\/www.comexposium.com\\\/wp-content\\\/uploads\\\/2025\\\/07\\\/COMEXPOSIUM-COMEX-PABLO-NAKHLE-CERRUTI-WEB-2-Copy-1.jpg\",\"articleSection\":[\"Group news\"],\"inLanguage\":\"en-US\"},{\"@type\":\"WebPage\",\"@id\":\"https:\\\/\\\/www.comexposium.com\\\/en\\\/newsroom\\\/presse\\\/comexposium-announces-the-appointment-of-pablo-nakhle-cerruti-as-ceo\\\/\",\"url\":\"https:\\\/\\\/www.comexposium.com\\\/en\\\/newsroom\\\/presse\\\/comexposium-announces-the-appointment-of-pablo-nakhle-cerruti-as-ceo\\\/\",\"name\":\"Comexposium announces the appointment of Pablo Nakhl\u00e9 Cerruti as CEO | Comexposium\",\"isPartOf\":{\"@id\":\"https:\\\/\\\/www.comexposium.com\\\/en\\\/#website\"},\"primaryImageOfPage\":{\"@id\":\"https:\\\/\\\/www.comexposium.com\\\/en\\\/newsroom\\\/presse\\\/comexposium-announces-the-appointment-of-pablo-nakhle-cerruti-as-ceo\\\/#primaryimage\"},\"image\":{\"@id\":\"https:\\\/\\\/www.comexposium.com\\\/en\\\/newsroom\\\/presse\\\/comexposium-announces-the-appointment-of-pablo-nakhle-cerruti-as-ceo\\\/#primaryimage\"},\"thumbnailUrl\":\"https:\\\/\\\/www.comexposium.com\\\/wp-content\\\/uploads\\\/2025\\\/07\\\/COMEXPOSIUM-COMEX-PABLO-NAKHLE-CERRUTI-WEB-2-Copy-1.jpg\",\"datePublished\":\"2025-07-08T07:01:48+00:00\",\"dateModified\":\"2026-01-28T09:12:29+00:00\",\"breadcrumb\":{\"@id\":\"https:\\\/\\\/www.comexposium.com\\\/en\\\/newsroom\\\/presse\\\/comexposium-announces-the-appointment-of-pablo-nakhle-cerruti-as-ceo\\\/#breadcrumb\"},\"inLanguage\":\"en-US\",\"potentialAction\":[{\"@type\":\"ReadAction\",\"target\":[\"https:\\\/\\\/www.comexposium.com\\\/en\\\/newsroom\\\/presse\\\/comexposium-announces-the-appointment-of-pablo-nakhle-cerruti-as-ceo\\\/\"]}]},{\"@type\":\"ImageObject\",\"inLanguage\":\"en-US\",\"@id\":\"https:\\\/\\\/www.comexposium.com\\\/en\\\/newsroom\\\/presse\\\/comexposium-announces-the-appointment-of-pablo-nakhle-cerruti-as-ceo\\\/#primaryimage\",\"url\":\"https:\\\/\\\/www.comexposium.com\\\/wp-content\\\/uploads\\\/2025\\\/07\\\/COMEXPOSIUM-COMEX-PABLO-NAKHLE-CERRUTI-WEB-2-Copy-1.jpg\",\"contentUrl\":\"https:\\\/\\\/www.comexposium.com\\\/wp-content\\\/uploads\\\/2025\\\/07\\\/COMEXPOSIUM-COMEX-PABLO-NAKHLE-CERRUTI-WEB-2-Copy-1.jpg\",\"width\":1421,\"height\":1095,\"caption\":\"2026-01-19 Comexposium, portrait du CEO, Pablo Nakhle Cerruti\"},{\"@type\":\"BreadcrumbList\",\"@id\":\"https:\\\/\\\/www.comexposium.com\\\/en\\\/newsroom\\\/presse\\\/comexposium-announces-the-appointment-of-pablo-nakhle-cerruti-as-ceo\\\/#breadcrumb\",\"itemListElement\":[{\"@type\":\"ListItem\",\"position\":1,\"name\":\"Home\",\"item\":\"https:\\\/\\\/www.comexposium.com\\\/en\\\/\"},{\"@type\":\"ListItem\",\"position\":2,\"name\":\"Comexposium announces the appointment of Pablo Nakhl\u00e9 Cerruti as CEO\"}]},{\"@type\":\"WebSite\",\"@id\":\"https:\\\/\\\/www.comexposium.com\\\/en\\\/#website\",\"url\":\"https:\\\/\\\/www.comexposium.com\\\/en\\\/\",\"name\":\"Comexposium\",\"description\":\"\",\"publisher\":{\"@id\":\"https:\\\/\\\/www.comexposium.com\\\/en\\\/#organization\"},\"potentialAction\":[{\"@type\":\"SearchAction\",\"target\":{\"@type\":\"EntryPoint\",\"urlTemplate\":\"https:\\\/\\\/www.comexposium.com\\\/en\\\/?s={search_term_string}\"},\"query-input\":{\"@type\":\"PropertyValueSpecification\",\"valueRequired\":true,\"valueName\":\"search_term_string\"}}],\"inLanguage\":\"en-US\"},{\"@type\":\"Organization\",\"@id\":\"https:\\\/\\\/www.comexposium.com\\\/en\\\/#organization\",\"name\":\"Comexposium\",\"url\":\"https:\\\/\\\/www.comexposium.com\\\/en\\\/\",\"logo\":{\"@type\":\"ImageObject\",\"inLanguage\":\"en-US\",\"@id\":\"https:\\\/\\\/www.comexposium.com\\\/en\\\/#\\\/schema\\\/logo\\\/image\\\/\",\"url\":\"https:\\\/\\\/www.comexposium.com\\\/wp-content\\\/uploads\\\/2022\\\/10\\\/logo-comexposium-2.svg\",\"contentUrl\":\"https:\\\/\\\/www.comexposium.com\\\/wp-content\\\/uploads\\\/2022\\\/10\\\/logo-comexposium-2.svg\",\"width\":233,\"height\":40,\"caption\":\"Comexposium\"},\"image\":{\"@id\":\"https:\\\/\\\/www.comexposium.com\\\/en\\\/#\\\/schema\\\/logo\\\/image\\\/\"},\"sameAs\":[\"https:\\\/\\\/www.facebook.com\\\/Comexposium\\\/\",\"https:\\\/\\\/x.com\\\/comexposium\",\"https:\\\/\\\/www.linkedin.com\\\/company\\\/comexposium\",\"https:\\\/\\\/www.instagram.com\\\/comexposium\\\/\",\"https:\\\/\\\/www.youtube.com\\\/channel\\\/UCKiFnIcxRhMmnKJAeeFOdDA\"]},{\"@type\":\"Person\",\"@id\":\"https:\\\/\\\/www.comexposium.com\\\/en\\\/#\\\/schema\\\/person\\\/47045be16e9ffa3938e0b70b5bf88008\",\"name\":\"cxpm_admin\",\"image\":{\"@type\":\"ImageObject\",\"inLanguage\":\"en-US\",\"@id\":\"https:\\\/\\\/secure.gravatar.com\\\/avatar\\\/522009636154ee1dcb3b17759a711589931a955a934a8059f29676a3a1a9c059?s=96&d=mm&r=g\",\"url\":\"https:\\\/\\\/secure.gravatar.com\\\/avatar\\\/522009636154ee1dcb3b17759a711589931a955a934a8059f29676a3a1a9c059?s=96&d=mm&r=g\",\"contentUrl\":\"https:\\\/\\\/secure.gravatar.com\\\/avatar\\\/522009636154ee1dcb3b17759a711589931a955a934a8059f29676a3a1a9c059?s=96&d=mm&r=g\",\"caption\":\"cxpm_admin\"},\"sameAs\":[\"https:\\\/\\\/www.comexposium.com\"]}]}<\/script>\n<!-- \/ Yoast SEO plugin. -->","yoast_head_json":{"title":"Comexposium announces the appointment of Pablo Nakhl\u00e9 Cerruti as CEO | Comexposium","robots":{"index":"index","follow":"follow","max-snippet":"max-snippet:-1","max-image-preview":"max-image-preview:large","max-video-preview":"max-video-preview:-1"},"canonical":"https:\/\/www.comexposium.com\/en\/newsroom\/presse\/comexposium-announces-the-appointment-of-pablo-nakhle-cerruti-as-ceo\/","og_locale":"en_US","og_type":"article","og_title":"Comexposium announces the appointment of Pablo Nakhl\u00e9 Cerruti as CEO | Comexposium","og_description":"The Board of Directors states: We welcome Pablo Nakhl\u00e9 Cerruti and express our full confidence in his ability to continue the growth trajectory of the Comexposium group, for the benefit of its employees, the communities engaged through its events, and all its stakeholders. \u00bb About Pablo Nakhl\u00e9 Cerruti Pablo Nakhl\u00e9 Cerruti, 42, graduated from Sciences [&hellip;]","og_url":"https:\/\/www.comexposium.com\/en\/newsroom\/presse\/comexposium-announces-the-appointment-of-pablo-nakhle-cerruti-as-ceo\/","og_site_name":"Comexposium","article_publisher":"https:\/\/www.facebook.com\/Comexposium\/","article_published_time":"2025-07-08T07:01:48+00:00","article_modified_time":"2026-01-28T09:12:29+00:00","og_image":[{"width":1421,"height":1095,"url":"https:\/\/www.comexposium.com\/wp-content\/uploads\/2025\/07\/COMEXPOSIUM-COMEX-PABLO-NAKHLE-CERRUTI-WEB-2-Copy-1.jpg","type":"image\/jpeg"}],"author":"cxpm_admin","twitter_card":"summary_large_image","twitter_creator":"@comexposium","twitter_site":"@comexposium","twitter_misc":{"Written by":"cxpm_admin","Est. reading time":"2 minutes"},"schema":{"@context":"https:\/\/schema.org","@graph":[{"@type":"Article","@id":"https:\/\/www.comexposium.com\/en\/newsroom\/presse\/comexposium-announces-the-appointment-of-pablo-nakhle-cerruti-as-ceo\/#article","isPartOf":{"@id":"https:\/\/www.comexposium.com\/en\/newsroom\/presse\/comexposium-announces-the-appointment-of-pablo-nakhle-cerruti-as-ceo\/"},"author":{"name":"cxpm_admin","@id":"https:\/\/www.comexposium.com\/en\/#\/schema\/person\/47045be16e9ffa3938e0b70b5bf88008"},"headline":"Comexposium announces the appointment of Pablo Nakhl\u00e9 Cerruti as CEO","datePublished":"2025-07-08T07:01:48+00:00","dateModified":"2026-01-28T09:12:29+00:00","mainEntityOfPage":{"@id":"https:\/\/www.comexposium.com\/en\/newsroom\/presse\/comexposium-announces-the-appointment-of-pablo-nakhle-cerruti-as-ceo\/"},"wordCount":341,"publisher":{"@id":"https:\/\/www.comexposium.com\/en\/#organization"},"image":{"@id":"https:\/\/www.comexposium.com\/en\/newsroom\/presse\/comexposium-announces-the-appointment-of-pablo-nakhle-cerruti-as-ceo\/#primaryimage"},"thumbnailUrl":"https:\/\/www.comexposium.com\/wp-content\/uploads\/2025\/07\/COMEXPOSIUM-COMEX-PABLO-NAKHLE-CERRUTI-WEB-2-Copy-1.jpg","articleSection":["Group news"],"inLanguage":"en-US"},{"@type":"WebPage","@id":"https:\/\/www.comexposium.com\/en\/newsroom\/presse\/comexposium-announces-the-appointment-of-pablo-nakhle-cerruti-as-ceo\/","url":"https:\/\/www.comexposium.com\/en\/newsroom\/presse\/comexposium-announces-the-appointment-of-pablo-nakhle-cerruti-as-ceo\/","name":"Comexposium announces the appointment of Pablo Nakhl\u00e9 Cerruti as CEO | Comexposium","isPartOf":{"@id":"https:\/\/www.comexposium.com\/en\/#website"},"primaryImageOfPage":{"@id":"https:\/\/www.comexposium.com\/en\/newsroom\/presse\/comexposium-announces-the-appointment-of-pablo-nakhle-cerruti-as-ceo\/#primaryimage"},"image":{"@id":"https:\/\/www.comexposium.com\/en\/newsroom\/presse\/comexposium-announces-the-appointment-of-pablo-nakhle-cerruti-as-ceo\/#primaryimage"},"thumbnailUrl":"https:\/\/www.comexposium.com\/wp-content\/uploads\/2025\/07\/COMEXPOSIUM-COMEX-PABLO-NAKHLE-CERRUTI-WEB-2-Copy-1.jpg","datePublished":"2025-07-08T07:01:48+00:00","dateModified":"2026-01-28T09:12:29+00:00","breadcrumb":{"@id":"https:\/\/www.comexposium.com\/en\/newsroom\/presse\/comexposium-announces-the-appointment-of-pablo-nakhle-cerruti-as-ceo\/#breadcrumb"},"inLanguage":"en-US","potentialAction":[{"@type":"ReadAction","target":["https:\/\/www.comexposium.com\/en\/newsroom\/presse\/comexposium-announces-the-appointment-of-pablo-nakhle-cerruti-as-ceo\/"]}]},{"@type":"ImageObject","inLanguage":"en-US","@id":"https:\/\/www.comexposium.com\/en\/newsroom\/presse\/comexposium-announces-the-appointment-of-pablo-nakhle-cerruti-as-ceo\/#primaryimage","url":"https:\/\/www.comexposium.com\/wp-content\/uploads\/2025\/07\/COMEXPOSIUM-COMEX-PABLO-NAKHLE-CERRUTI-WEB-2-Copy-1.jpg","contentUrl":"https:\/\/www.comexposium.com\/wp-content\/uploads\/2025\/07\/COMEXPOSIUM-COMEX-PABLO-NAKHLE-CERRUTI-WEB-2-Copy-1.jpg","width":1421,"height":1095,"caption":"2026-01-19 Comexposium, portrait du CEO, Pablo Nakhle Cerruti"},{"@type":"BreadcrumbList","@id":"https:\/\/www.comexposium.com\/en\/newsroom\/presse\/comexposium-announces-the-appointment-of-pablo-nakhle-cerruti-as-ceo\/#breadcrumb","itemListElement":[{"@type":"ListItem","position":1,"name":"Home","item":"https:\/\/www.comexposium.com\/en\/"},{"@type":"ListItem","position":2,"name":"Comexposium announces the appointment of Pablo Nakhl\u00e9 Cerruti as CEO"}]},{"@type":"WebSite","@id":"https:\/\/www.comexposium.com\/en\/#website","url":"https:\/\/www.comexposium.com\/en\/","name":"Comexposium","description":"","publisher":{"@id":"https:\/\/www.comexposium.com\/en\/#organization"},"potentialAction":[{"@type":"SearchAction","target":{"@type":"EntryPoint","urlTemplate":"https:\/\/www.comexposium.com\/en\/?s={search_term_string}"},"query-input":{"@type":"PropertyValueSpecification","valueRequired":true,"valueName":"search_term_string"}}],"inLanguage":"en-US"},{"@type":"Organization","@id":"https:\/\/www.comexposium.com\/en\/#organization","name":"Comexposium","url":"https:\/\/www.comexposium.com\/en\/","logo":{"@type":"ImageObject","inLanguage":"en-US","@id":"https:\/\/www.comexposium.com\/en\/#\/schema\/logo\/image\/","url":"https:\/\/www.comexposium.com\/wp-content\/uploads\/2022\/10\/logo-comexposium-2.svg","contentUrl":"https:\/\/www.comexposium.com\/wp-content\/uploads\/2022\/10\/logo-comexposium-2.svg","width":233,"height":40,"caption":"Comexposium"},"image":{"@id":"https:\/\/www.comexposium.com\/en\/#\/schema\/logo\/image\/"},"sameAs":["https:\/\/www.facebook.com\/Comexposium\/","https:\/\/x.com\/comexposium","https:\/\/www.linkedin.com\/company\/comexposium","https:\/\/www.instagram.com\/comexposium\/","https:\/\/www.youtube.com\/channel\/UCKiFnIcxRhMmnKJAeeFOdDA"]},{"@type":"Person","@id":"https:\/\/www.comexposium.com\/en\/#\/schema\/person\/47045be16e9ffa3938e0b70b5bf88008","name":"cxpm_admin","image":{"@type":"ImageObject","inLanguage":"en-US","@id":"https:\/\/secure.gravatar.com\/avatar\/522009636154ee1dcb3b17759a711589931a955a934a8059f29676a3a1a9c059?s=96&d=mm&r=g","url":"https:\/\/secure.gravatar.com\/avatar\/522009636154ee1dcb3b17759a711589931a955a934a8059f29676a3a1a9c059?s=96&d=mm&r=g","contentUrl":"https:\/\/secure.gravatar.com\/avatar\/522009636154ee1dcb3b17759a711589931a955a934a8059f29676a3a1a9c059?s=96&d=mm&r=g","caption":"cxpm_admin"},"sameAs":["https:\/\/www.comexposium.com"]}]}},"_links":{"self":[{"href":"https:\/\/www.comexposium.com\/en\/wp-json\/wp\/v2\/posts\/10213","targetHints":{"allow":["GET"]}}],"collection":[{"href":"https:\/\/www.comexposium.com\/en\/wp-json\/wp\/v2\/posts"}],"about":[{"href":"https:\/\/www.comexposium.com\/en\/wp-json\/wp\/v2\/types\/post"}],"author":[{"embeddable":true,"href":"https:\/\/www.comexposium.com\/en\/wp-json\/wp\/v2\/users\/1"}],"replies":[{"embeddable":true,"href":"https:\/\/www.comexposium.com\/en\/wp-json\/wp\/v2\/comments?post=10213"}],"version-history":[{"count":5,"href":"https:\/\/www.comexposium.com\/en\/wp-json\/wp\/v2\/posts\/10213\/revisions"}],"predecessor-version":[{"id":11911,"href":"https:\/\/www.comexposium.com\/en\/wp-json\/wp\/v2\/posts\/10213\/revisions\/11911"}],"wp:featuredmedia":[{"embeddable":true,"href":"https:\/\/www.comexposium.com\/en\/wp-json\/wp\/v2\/media\/11910"}],"wp:attachment":[{"href":"https:\/\/www.comexposium.com\/en\/wp-json\/wp\/v2\/media?parent=10213"}],"wp:term":[{"taxonomy":"category","embeddable":true,"href":"https:\/\/www.comexposium.com\/en\/wp-json\/wp\/v2\/categories?post=10213"},{"taxonomy":"post_tag","embeddable":true,"href":"https:\/\/www.comexposium.com\/en\/wp-json\/wp\/v2\/tags?post=10213"},{"taxonomy":"type_categories","embeddable":true,"href":"https:\/\/www.comexposium.com\/en\/wp-json\/wp\/v2\/type_categories?post=10213"}],"curies":[{"name":"wp","href":"https:\/\/api.w.org\/{rel}","templated":true}]}}